{"id":920,"date":"2025-05-02T17:38:18","date_gmt":"2025-05-02T16:38:18","guid":{"rendered":"https:\/\/escuela-pequeneces.es\/?p=920"},"modified":"2025-05-02T17:38:18","modified_gmt":"2025-05-02T16:38:18","slug":"final-del-carnaval","status":"publish","type":"post","link":"https:\/\/escuela-pequeneces.es\/index.php\/2025\/05\/02\/final-del-carnaval\/","title":{"rendered":"Final del carnaval"},"content":{"rendered":"\n<p>Queremos compartir con vosotros los \u00faltimos d\u00edas de carnaval. El mi\u00e9rcoles fue el &#8220;Entierro de la sardina&#8221;. Esta tradici\u00f3n llega de la \u00e9poca medieval donde este pez reflejaba la abundancia. Por eso, tras el carnaval se entierra para marcar el inicio de una \u00e9poca de ayuno.Para nuestros peques el significado es diferente, ya que ellos se divierten con la sardina de un lado para otro. Se lo pasaron fenomenal!!!!<\/p>\n\n\n\n<figure class=\"wp-block-image size-full\"><img loading=\"lazy\" decoding=\"async\" width=\"558\" height=\"555\" src=\"https:\/\/escuela-pequeneces.es\/wp-content\/uploads\/2025\/05\/IMG_3360-1.jpg\" alt=\"\" class=\"wp-image-925\" srcset=\"https:\/\/escuela-pequeneces.es\/wp-content\/uploads\/2025\/05\/IMG_3360-1.jpg 558w, https:\/\/escuela-pequeneces.es\/wp-content\/uploads\/2025\/05\/IMG_3360-1-300x298.jpg 300w, https:\/\/escuela-pequeneces.es\/wp-content\/uploads\/2025\/05\/IMG_3360-1-150x150.jpg 150w\" sizes=\"(max-width: 558px) 100vw, 558px\" \/><\/figure>\n\n\n\n<figure class=\"wp-block-image size-full\"><img loading=\"lazy\" decoding=\"async\" width=\"568\" height=\"579\" src=\"https:\/\/escuela-pequeneces.es\/wp-content\/uploads\/2025\/05\/IMG_3359-1.jpg\" alt=\"\" class=\"wp-image-926\" srcset=\"https:\/\/escuela-pequeneces.es\/wp-content\/uploads\/2025\/05\/IMG_3359-1.jpg 568w, https:\/\/escuela-pequeneces.es\/wp-content\/uploads\/2025\/05\/IMG_3359-1-294x300.jpg 294w\" sizes=\"(max-width: 568px) 100vw, 568px\" \/><\/figure>\n\n\n\n<figure class=\"wp-block-image size-full\"><img loading=\"lazy\" decoding=\"async\" width=\"567\" height=\"557\" src=\"https:\/\/escuela-pequeneces.es\/wp-content\/uploads\/2025\/05\/IMG_3358.jpg\" alt=\"\" class=\"wp-image-927\" srcset=\"https:\/\/escuela-pequeneces.es\/wp-content\/uploads\/2025\/05\/IMG_3358.jpg 567w, https:\/\/escuela-pequeneces.es\/wp-content\/uploads\/2025\/05\/IMG_3358-300x295.jpg 300w\" sizes=\"(max-width: 567px) 100vw, 567px\" \/><\/figure>\n\n\n\n<figure class=\"wp-block-image size-full\"><img loading=\"lazy\" decoding=\"async\" width=\"570\" height=\"546\" src=\"https:\/\/escuela-pequeneces.es\/wp-content\/uploads\/2025\/05\/IMG_3357.jpg\" alt=\"\" class=\"wp-image-928\" srcset=\"https:\/\/escuela-pequeneces.es\/wp-content\/uploads\/2025\/05\/IMG_3357.jpg 570w, https:\/\/escuela-pequeneces.es\/wp-content\/uploads\/2025\/05\/IMG_3357-300x287.jpg 300w\" sizes=\"(max-width: 570px) 100vw, 570px\" \/><\/figure>\n","protected":false},"excerpt":{"rendered":"<p>Queremos compartir con vosotros los \u00faltimos d\u00edas de carnaval. El mi\u00e9rcoles fue el &#8220;Entierro de la sardina&#8221;. Esta tradici\u00f3n llega de la \u00e9poca medieval donde este pez reflejaba la abundancia. Por eso, tras el carnaval se entierra para marcar el [&hellip;]<\/p>\n","protected":false},"author":4,"featured_media":0,"comment_status":"open","ping_status":"open","sticky":false,"template":"","format":"standard","meta":{"footnotes":""},"categories":[1],"tags":[],"class_list":["post-920","post","type-post","status-publish","format-standard","hentry","category-uncategorized"],"_links":{"self":[{"href":"https:\/\/escuela-pequeneces.es\/index.php\/wp-json\/wp\/v2\/posts\/920"}],"collection":[{"href":"https:\/\/escuela-pequeneces.es\/index.php\/wp-json\/wp\/v2\/posts"}],"about":[{"href":"https:\/\/escuela-pequeneces.es\/index.php\/wp-json\/wp\/v2\/types\/post"}],"author":[{"embeddable":true,"href":"https:\/\/escuela-pequeneces.es\/index.php\/wp-json\/wp\/v2\/users\/4"}],"replies":[{"embeddable":true,"href":"https:\/\/escuela-pequeneces.es\/index.php\/wp-json\/wp\/v2\/comments?post=920"}],"version-history":[{"count":1,"href":"https:\/\/escuela-pequeneces.es\/index.php\/wp-json\/wp\/v2\/posts\/920\/revisions"}],"predecessor-version":[{"id":929,"href":"https:\/\/escuela-pequeneces.es\/index.php\/wp-json\/wp\/v2\/posts\/920\/revisions\/929"}],"wp:attachment":[{"href":"https:\/\/escuela-pequeneces.es\/index.php\/wp-json\/wp\/v2\/media?parent=920"}],"wp:term":[{"taxonomy":"category","embeddable":true,"href":"https:\/\/escuela-pequeneces.es\/index.php\/wp-json\/wp\/v2\/categories?post=920"},{"taxonomy":"post_tag","embeddable":true,"href":"https:\/\/escuela-pequeneces.es\/index.php\/wp-json\/wp\/v2\/tags?post=920"}],"curies":[{"name":"wp","href":"https:\/\/api.w.org\/{rel}","templated":true}]}}