{"id":948,"date":"2025-05-03T10:28:46","date_gmt":"2025-05-03T09:28:46","guid":{"rendered":"https:\/\/escuela-pequeneces.es\/?p=948"},"modified":"2025-05-03T10:28:47","modified_gmt":"2025-05-03T09:28:47","slug":"beca","status":"publish","type":"post","link":"https:\/\/escuela-pequeneces.es\/index.php\/2025\/05\/03\/beca\/","title":{"rendered":"Beca"},"content":{"rendered":"\n<p>Noticia importante!!<\/p>\n\n\n\n<p>Est\u00e1 a punto de publicarse la convocatoria de Cheque guarder\u00eda para el curso 2025-2026!!                     <\/p>\n\n\n\n<p>ABIERTO EL PER\u00cdODO DE MATR\u00cdCULA                                                                                                                             Curso 2025-2026<\/p>\n\n\n\n<p>CHEQUE DE ESUELAS INFANTILES<\/p>\n\n\n\n<p>Entre 177\u20ac-283\u20ac<\/p>\n\n\n\n<p>Uno de los requisitos es estar matriculados en una escuela infantil, autorizada por la Comunidad de Madrid.                                                                                                                                                               C\u00f3digo Escuela Infantil Peque\u00f1eces 28057325<\/p>\n\n\n\n<p>Todav\u00eda quedan plazas, ll\u00e1manos y te informamos de todas las ayudas.                                                                        Llama al: 646862579                                                                                                                                                                                                                                                                           eipequeneces@gmail.com<\/p>\n\n\n\n<figure class=\"wp-block-image size-large\"><img loading=\"lazy\" decoding=\"async\" width=\"832\" height=\"1024\" src=\"https:\/\/escuela-pequeneces.es\/wp-content\/uploads\/2025\/05\/IMG_3356-832x1024.jpg\" alt=\"\" class=\"wp-image-950\" srcset=\"https:\/\/escuela-pequeneces.es\/wp-content\/uploads\/2025\/05\/IMG_3356-832x1024.jpg 832w, https:\/\/escuela-pequeneces.es\/wp-content\/uploads\/2025\/05\/IMG_3356-244x300.jpg 244w, https:\/\/escuela-pequeneces.es\/wp-content\/uploads\/2025\/05\/IMG_3356-768x945.jpg 768w, https:\/\/escuela-pequeneces.es\/wp-content\/uploads\/2025\/05\/IMG_3356.jpg 1125w\" sizes=\"(max-width: 832px) 100vw, 832px\" \/><\/figure>\n","protected":false},"excerpt":{"rendered":"<p>Noticia importante!! Est\u00e1 a punto de publicarse la convocatoria de Cheque guarder\u00eda para el curso 2025-2026!! ABIERTO EL PER\u00cdODO DE MATR\u00cdCULA Curso 2025-2026 CHEQUE DE ESUELAS INFANTILES Entre 177\u20ac-283\u20ac Uno de los requisitos es estar matriculados en una escuela infantil, [&hellip;]<\/p>\n","protected":false},"author":4,"featured_media":0,"comment_status":"open","ping_status":"open","sticky":false,"template":"","format":"standard","meta":{"footnotes":""},"categories":[1],"tags":[],"class_list":["post-948","post","type-post","status-publish","format-standard","hentry","category-uncategorized"],"_links":{"self":[{"href":"https:\/\/escuela-pequeneces.es\/index.php\/wp-json\/wp\/v2\/posts\/948"}],"collection":[{"href":"https:\/\/escuela-pequeneces.es\/index.php\/wp-json\/wp\/v2\/posts"}],"about":[{"href":"https:\/\/escuela-pequeneces.es\/index.php\/wp-json\/wp\/v2\/types\/post"}],"author":[{"embeddable":true,"href":"https:\/\/escuela-pequeneces.es\/index.php\/wp-json\/wp\/v2\/users\/4"}],"replies":[{"embeddable":true,"href":"https:\/\/escuela-pequeneces.es\/index.php\/wp-json\/wp\/v2\/comments?post=948"}],"version-history":[{"count":1,"href":"https:\/\/escuela-pequeneces.es\/index.php\/wp-json\/wp\/v2\/posts\/948\/revisions"}],"predecessor-version":[{"id":951,"href":"https:\/\/escuela-pequeneces.es\/index.php\/wp-json\/wp\/v2\/posts\/948\/revisions\/951"}],"wp:attachment":[{"href":"https:\/\/escuela-pequeneces.es\/index.php\/wp-json\/wp\/v2\/media?parent=948"}],"wp:term":[{"taxonomy":"category","embeddable":true,"href":"https:\/\/escuela-pequeneces.es\/index.php\/wp-json\/wp\/v2\/categories?post=948"},{"taxonomy":"post_tag","embeddable":true,"href":"https:\/\/escuela-pequeneces.es\/index.php\/wp-json\/wp\/v2\/tags?post=948"}],"curies":[{"name":"wp","href":"https:\/\/api.w.org\/{rel}","templated":true}]}}